{"id":1068,"date":"2023-08-30T17:33:14","date_gmt":"2023-08-30T15:33:14","guid":{"rendered":"https:\/\/alenadudekova.sk\/?p=1068"},"modified":"2023-08-30T17:36:50","modified_gmt":"2023-08-30T15:36:50","slug":"vodic-v-povine-obiehal-auta-takmer-zrazil-chodca","status":"publish","type":"post","link":"https:\/\/alenadudekova.sk\/?p=1068","title":{"rendered":"Vodi\u010d v Povine obiehal aut\u00e1, takmer zrazil chodca!"},"content":{"rendered":"\t\t<div data-elementor-type=\"wp-post\" data-elementor-id=\"1068\" class=\"elementor elementor-1068\">\n\t\t\t\t\t\t<section class=\"elementor-section elementor-top-section elementor-element elementor-element-9eabcd6 elementor-section-boxed elementor-section-height-default elementor-section-height-default wpr-particle-no wpr-jarallax-no wpr-parallax-no wpr-sticky-section-no\" data-id=\"9eabcd6\" data-element_type=\"section\">\n\t\t\t\t\t\t<div class=\"elementor-container elementor-column-gap-default\">\n\t\t\t\t\t<div class=\"elementor-column elementor-col-100 elementor-top-column elementor-element elementor-element-e789bdd\" data-id=\"e789bdd\" data-element_type=\"column\">\n\t\t\t<div class=\"elementor-widget-wrap elementor-element-populated\">\n\t\t\t\t\t\t<div class=\"elementor-element elementor-element-92b1a99 elementor-widget elementor-widget-text-editor\" data-id=\"92b1a99\" data-element_type=\"widget\" data-widget_type=\"text-editor.default\">\n\t\t\t\t<div class=\"elementor-widget-container\">\n\t\t\t\t\t\t\t\t\t<p>Starostka Poviny Alena Dudekov\u00e1 informuje: &#8222;Kamerov\u00fd z\u00e1znam aj \u0160PZ bol dnes osobne odovzdan\u00fd na Okresn\u00e9 riadite\u013estvo pol\u00edcie v \u010cadci. Po dohode s p\u00e1nom riadite\u013eom o\u010dak\u00e1vam sp\u00e4tn\u00fa v\u00e4zbu ako bol vodi\u010d potrestan\u00fd.&#8220;<\/p><p>Viac sa do\u010d\u00edtate v \u010dl\u00e1nku zverejnenom na port\u00e1li <a href=\"https:\/\/www.mojekysuce.sk\/spravodajstvo\/video-vodic-v-povine-obehol-auta-ktore-davali-prednost-chodcovi\">mojekysuce.sk<\/a>.<\/p>\t\t\t\t\t\t\t\t<\/div>\n\t\t\t\t<\/div>\n\t\t\t\t\t<\/div>\n\t\t<\/div>\n\t\t\t\t\t<\/div>\n\t\t<\/section>\n\t\t\t\t<section class=\"elementor-section elementor-top-section elementor-element elementor-element-d9994df elementor-section-boxed elementor-section-height-default elementor-section-height-default wpr-particle-no wpr-jarallax-no wpr-parallax-no wpr-sticky-section-no\" data-id=\"d9994df\" data-element_type=\"section\">\n\t\t\t\t\t\t<div class=\"elementor-container elementor-column-gap-default\">\n\t\t\t\t\t<div class=\"elementor-column elementor-col-100 elementor-top-column elementor-element elementor-element-84f8590\" data-id=\"84f8590\" data-element_type=\"column\">\n\t\t\t<div class=\"elementor-widget-wrap elementor-element-populated\">\n\t\t\t\t\t\t<div class=\"elementor-element elementor-element-b37662d elementor-widget elementor-widget-image\" data-id=\"b37662d\" data-element_type=\"widget\" data-widget_type=\"image.default\">\n\t\t\t\t<div class=\"elementor-widget-container\">\n\t\t\t\t\t\t\t\t\t\t\t\t\t\t\t<img fetchpriority=\"high\" decoding=\"async\" width=\"1024\" height=\"682\" src=\"https:\/\/alenadudekova.sk\/wp-content\/uploads\/2023\/08\/povina-prechod.jpg\" class=\"attachment-large size-large wp-image-1069\" alt=\"\" srcset=\"https:\/\/alenadudekova.sk\/wp-content\/uploads\/2023\/08\/povina-prechod.jpg 1024w, https:\/\/alenadudekova.sk\/wp-content\/uploads\/2023\/08\/povina-prechod-300x200.jpg 300w, https:\/\/alenadudekova.sk\/wp-content\/uploads\/2023\/08\/povina-prechod-768x512.jpg 768w\" sizes=\"(max-width: 1024px) 100vw, 1024px\" \/>\t\t\t\t\t\t\t\t\t\t\t\t\t\t\t<\/div>\n\t\t\t\t<\/div>\n\t\t\t\t\t<\/div>\n\t\t<\/div>\n\t\t\t\t\t<\/div>\n\t\t<\/section>\n\t\t\t\t<\/div>\n\t\t","protected":false},"excerpt":{"rendered":"<p>Starostka Poviny Alena Dudekov\u00e1 informuje: &#8222;Kamerov\u00fd z\u00e1znam aj \u0160PZ bol dnes osobne odovzdan\u00fd na Okresn\u00e9 riadite\u013estvo pol\u00edcie v \u010cadci. Po dohode s p\u00e1nom riadite\u013eom o\u010dak\u00e1vam sp\u00e4tn\u00fa v\u00e4zbu ako bol vodi\u010d potrestan\u00fd.&#8220; Viac sa do\u010d\u00edtate v \u010dl\u00e1nku zverejnenom na port\u00e1li mojekysuce.sk.<\/p>\n","protected":false},"author":1,"featured_media":1069,"comment_status":"closed","ping_status":"closed","sticky":false,"template":"","format":"standard","meta":{"_exactmetrics_skip_tracking":false,"_exactmetrics_sitenote_active":false,"_exactmetrics_sitenote_note":"","_exactmetrics_sitenote_category":0,"footnotes":""},"categories":[2,6],"tags":[],"class_list":["post-1068","post","type-post","status-publish","format-standard","has-post-thumbnail","hentry","category-aktuality","category-napisali"],"_links":{"self":[{"href":"https:\/\/alenadudekova.sk\/index.php?rest_route=\/wp\/v2\/posts\/1068","targetHints":{"allow":["GET"]}}],"collection":[{"href":"https:\/\/alenadudekova.sk\/index.php?rest_route=\/wp\/v2\/posts"}],"about":[{"href":"https:\/\/alenadudekova.sk\/index.php?rest_route=\/wp\/v2\/types\/post"}],"author":[{"embeddable":true,"href":"https:\/\/alenadudekova.sk\/index.php?rest_route=\/wp\/v2\/users\/1"}],"replies":[{"embeddable":true,"href":"https:\/\/alenadudekova.sk\/index.php?rest_route=%2Fwp%2Fv2%2Fcomments&post=1068"}],"version-history":[{"count":6,"href":"https:\/\/alenadudekova.sk\/index.php?rest_route=\/wp\/v2\/posts\/1068\/revisions"}],"predecessor-version":[{"id":1077,"href":"https:\/\/alenadudekova.sk\/index.php?rest_route=\/wp\/v2\/posts\/1068\/revisions\/1077"}],"wp:featuredmedia":[{"embeddable":true,"href":"https:\/\/alenadudekova.sk\/index.php?rest_route=\/wp\/v2\/media\/1069"}],"wp:attachment":[{"href":"https:\/\/alenadudekova.sk\/index.php?rest_route=%2Fwp%2Fv2%2Fmedia&parent=1068"}],"wp:term":[{"taxonomy":"category","embeddable":true,"href":"https:\/\/alenadudekova.sk\/index.php?rest_route=%2Fwp%2Fv2%2Fcategories&post=1068"},{"taxonomy":"post_tag","embeddable":true,"href":"https:\/\/alenadudekova.sk\/index.php?rest_route=%2Fwp%2Fv2%2Ftags&post=1068"}],"curies":[{"name":"wp","href":"https:\/\/api.w.org\/{rel}","templated":true}]}}