{"id":682,"date":"2023-01-23T12:58:59","date_gmt":"2023-01-23T11:58:59","guid":{"rendered":"https:\/\/alenadudekova.sk\/?p=682"},"modified":"2023-01-23T13:01:45","modified_gmt":"2023-01-23T12:01:45","slug":"vykurovanie-peletami-nepatri-do-energii-alebo-len-na-to-zabudli","status":"publish","type":"post","link":"https:\/\/alenadudekova.sk\/?p=682","title":{"rendered":"Vykurovanie peletami nepatr\u00ed do energi\u00ed alebo len na to zabudli???"},"content":{"rendered":"\t\t<div data-elementor-type=\"wp-post\" data-elementor-id=\"682\" class=\"elementor elementor-682\">\n\t\t\t\t\t\t<section class=\"elementor-section elementor-top-section elementor-element elementor-element-38ef430 elementor-section-boxed elementor-section-height-default elementor-section-height-default wpr-particle-no wpr-jarallax-no wpr-parallax-no wpr-sticky-section-no\" data-id=\"38ef430\" data-element_type=\"section\">\n\t\t\t\t\t\t<div class=\"elementor-container elementor-column-gap-default\">\n\t\t\t\t\t<div class=\"elementor-column elementor-col-100 elementor-top-column elementor-element elementor-element-d59bf8c\" data-id=\"d59bf8c\" data-element_type=\"column\">\n\t\t\t<div class=\"elementor-widget-wrap elementor-element-populated\">\n\t\t\t\t\t\t<div class=\"elementor-element elementor-element-245e236 elementor-widget elementor-widget-text-editor\" data-id=\"245e236\" data-element_type=\"widget\" data-widget_type=\"text-editor.default\">\n\t\t\t\t<div class=\"elementor-widget-container\">\n\t\t\t\t\t\t\t\t\t<div dir=\"ltr\"><img decoding=\"async\" class=\"an1\" src=\"https:\/\/fonts.gstatic.com\/s\/e\/notoemoji\/15.0\/2757_fe0f\/72.png\" alt=\"\u2757\ufe0f\" width=\"31\" height=\"31\" data-emoji=\"\u2757\ufe0f\" aria-label=\"\u2757\ufe0f\" \/>\u00a0Kompetentn\u00ed hovoria o sch\u00e9me zastropovania cien plynu a elektriky, ale \u010do so z\u00e1kladn\u00fdmi a matersk\u00fdmi \u0161kolami, ktor\u00e9 vykuruj\u00fa svoje budovy peletami?<\/div><div dir=\"ltr\">\u00a0<\/div><div dir=\"ltr\"><img decoding=\"async\" class=\"an1\" src=\"https:\/\/fonts.gstatic.com\/s\/e\/notoemoji\/15.0\/2705\/72.png\" alt=\"\u2705\" width=\"30\" height=\"30\" data-emoji=\"\u2705\" aria-label=\"\u2705\" \/>\u00a0\u017diadame, aby sa do sch\u00e9my zastropovania a refund\u00e1cie cien pridalo aj vykurovanie peletami!<\/div><div dir=\"ltr\">\u00a0<\/div><div dir=\"ltr\"><img decoding=\"async\" class=\"an1\" src=\"https:\/\/fonts.gstatic.com\/s\/e\/notoemoji\/15.0\/1f198\/72.png\" alt=\"\ud83c\udd98\" width=\"30\" height=\"30\" data-emoji=\"\ud83c\udd98\" aria-label=\"\ud83c\udd98\" \/>\u00a0Zalohov\u00e9 platby v na\u0161ej Z\u0160 s M\u0160 sa zv\u00fd\u0161ili z 2280\u20ac na 4800\u20ac a nedoplatok je vo v\u00fd\u0161ke 4495\u20ac!<\/div><div dir=\"ltr\"><img decoding=\"async\" class=\"an1\" src=\"https:\/\/fonts.gstatic.com\/s\/e\/notoemoji\/15.0\/1f198\/72.png\" alt=\"\ud83c\udd98\" width=\"30\" height=\"30\" data-emoji=\"\ud83c\udd98\" aria-label=\"\ud83c\udd98\" \/>\u00a0Rovnak\u00fd probl\u00e9m m\u00e1 aj obec Rudina, s p\u00e1nom starostom sme v kontakte a vec rie\u0161ime.<\/div>\t\t\t\t\t\t\t\t<\/div>\n\t\t\t\t<\/div>\n\t\t\t\t\t<\/div>\n\t\t<\/div>\n\t\t\t\t\t<\/div>\n\t\t<\/section>\n\t\t\t\t<\/div>\n\t\t","protected":false},"excerpt":{"rendered":"<p>\u00a0Kompetentn\u00ed hovoria o sch\u00e9me zastropovania cien plynu a elektriky, ale \u010do so z\u00e1kladn\u00fdmi a matersk\u00fdmi \u0161kolami, ktor\u00e9 vykuruj\u00fa svoje budovy peletami?\u00a0\u00a0\u017diadame, aby sa do sch\u00e9my zastropovania a refund\u00e1cie cien pridalo aj vykurovanie peletami!\u00a0\u00a0Zalohov\u00e9 platby v na\u0161ej Z\u0160 s M\u0160 sa zv\u00fd\u0161ili z 2280\u20ac na 4800\u20ac a nedoplatok je vo v\u00fd\u0161ke 4495\u20ac!\u00a0Rovnak\u00fd probl\u00e9m m\u00e1 aj obec Rudina, s p\u00e1nom starostom sme v kontakte a vec rie\u0161ime.<\/p>\n","protected":false},"author":1,"featured_media":0,"comment_status":"closed","ping_status":"closed","sticky":false,"template":"","format":"standard","meta":{"_exactmetrics_skip_tracking":false,"_exactmetrics_sitenote_active":false,"_exactmetrics_sitenote_note":"","_exactmetrics_sitenote_category":0,"footnotes":""},"categories":[2,12],"tags":[],"class_list":["post-682","post","type-post","status-publish","format-standard","hentry","category-aktuality","category-poslankyna-vuc-zsk"],"_links":{"self":[{"href":"https:\/\/alenadudekova.sk\/index.php?rest_route=\/wp\/v2\/posts\/682","targetHints":{"allow":["GET"]}}],"collection":[{"href":"https:\/\/alenadudekova.sk\/index.php?rest_route=\/wp\/v2\/posts"}],"about":[{"href":"https:\/\/alenadudekova.sk\/index.php?rest_route=\/wp\/v2\/types\/post"}],"author":[{"embeddable":true,"href":"https:\/\/alenadudekova.sk\/index.php?rest_route=\/wp\/v2\/users\/1"}],"replies":[{"embeddable":true,"href":"https:\/\/alenadudekova.sk\/index.php?rest_route=%2Fwp%2Fv2%2Fcomments&post=682"}],"version-history":[{"count":4,"href":"https:\/\/alenadudekova.sk\/index.php?rest_route=\/wp\/v2\/posts\/682\/revisions"}],"predecessor-version":[{"id":686,"href":"https:\/\/alenadudekova.sk\/index.php?rest_route=\/wp\/v2\/posts\/682\/revisions\/686"}],"wp:attachment":[{"href":"https:\/\/alenadudekova.sk\/index.php?rest_route=%2Fwp%2Fv2%2Fmedia&parent=682"}],"wp:term":[{"taxonomy":"category","embeddable":true,"href":"https:\/\/alenadudekova.sk\/index.php?rest_route=%2Fwp%2Fv2%2Fcategories&post=682"},{"taxonomy":"post_tag","embeddable":true,"href":"https:\/\/alenadudekova.sk\/index.php?rest_route=%2Fwp%2Fv2%2Ftags&post=682"}],"curies":[{"name":"wp","href":"https:\/\/api.w.org\/{rel}","templated":true}]}}